{"id":14959,"date":"2022-11-11T12:43:10","date_gmt":"2022-11-11T11:43:10","guid":{"rendered":"https:\/\/kwiatyimiut.pl\/?p=14959"},"modified":"2022-11-11T19:29:26","modified_gmt":"2022-11-11T18:29:26","slug":"kalendarz-2023","status":"publish","type":"post","link":"https:\/\/kwiatyimiut.pl\/en\/miut-casa\/kalendarz-2023\/","title":{"rendered":"Calendar 2023"},"content":{"rendered":"<div class=\"wpb-content-wrapper\"><div class=\"vc_row wpb_row vc_row-fluid\"><div class=\"wpb_column vc_column_container vc_col-sm-12\"><div class=\"vc_column-inner\"><div class=\"wpb_wrapper\">\n\t<div class=\"wpb_text_column wpb_content_element\" >\n\t\t<div class=\"wpb_wrapper\">\n\t\t\t<p class=\"v1MsoNormal\" style=\"text-align: center;\"><i><span lang=\"PL\">Flowers in glass (Kultura\/Natura)<\/span><\/i><span lang=\"PL\">\u00a0is the name of the project where, together with Magdalena Gazur, we combined our greatest passions \u2013 recognition and respect for beautiful flowers and Polish design of the XX century\u2019s 60s and 70s.<\/p>\n<p><\/span><span lang=\"PL\">Od jakiego\u015b czasu widzimy, \u017ce wraca uznanie dla rzemios\u0142a i pracy ludzkich r\u0105k. Zwracaj\u0105c si\u0119 ku przedmiotom z przesz\u0142o\u015bci, podziwiamy zar\u00f3wno ich nowoczesn\u0105 form\u0119, jak i kunszt wykonania. Lata 60. i 70. to z\u0142oty okres dla polskiego szk\u0142a. Pa\u0144stwowe huty i fabryki, z kt\u00f3rych wi\u0119kszo\u015b\u0107 nie ud\u017awign\u0119\u0142a prywatyzacji i ju\u017c nie istnieje, zatrudnia\u0142y najlepszych projektant\u00f3w. Ka\u017cdy mia\u0142 w\u0142asny, rozpoznawalny styl \u2013 ich wspania\u0142e kryszta\u0142y i szk\u0142a barwione w masie cieszy\u0142y si\u0119 ogromn\u0105 popularno\u015bci\u0105 nie tylko w Polsce, ale i na ca\u0142ym \u015bwiecie. I do dzi\u015b robi\u0105 wra\u017cenie, s\u0105 kolekcjonerskimi obiektami po\u017c\u0105dania.<br \/>\n<a href=\"https:\/\/kwiatyimiut.pl\/en\/product\/kalendarz-2023-pzedsprzedaz\/\"><img fetchpriority=\"high\" decoding=\"async\" class=\"aligncenter size-large wp-image-14925\" src=\"https:\/\/kwiatyimiut.pl\/wp-content\/uploads\/2022\/11\/february-896x1024.jpg\" alt=\"\" width=\"896\" height=\"1024\" srcset=\"https:\/\/kwiatyimiut.pl\/wp-content\/uploads\/2022\/11\/february-896x1024.jpg 896w, https:\/\/kwiatyimiut.pl\/wp-content\/uploads\/2022\/11\/february-263x300.jpg 263w, https:\/\/kwiatyimiut.pl\/wp-content\/uploads\/2022\/11\/february-768x878.jpg 768w, https:\/\/kwiatyimiut.pl\/wp-content\/uploads\/2022\/11\/february-1344x1536.jpg 1344w, https:\/\/kwiatyimiut.pl\/wp-content\/uploads\/2022\/11\/february-11x12.jpg 11w, https:\/\/kwiatyimiut.pl\/wp-content\/uploads\/2022\/11\/february-840x960.jpg 840w, https:\/\/kwiatyimiut.pl\/wp-content\/uploads\/2022\/11\/february.jpg 1400w\" sizes=\"(max-width: 896px) 100vw, 896px\" \/><\/a><\/span><span lang=\"PL\">To wa\u017cne i ciekawe, \u017ce doceniamy dobre wzornictwo sprzed lat i ch\u0119tnie do niego wracamy. Warto jednak zwr\u00f3ci\u0107 uwag\u0119 r\u00f3wnie\u017c na nast\u0119pc\u00f3w \u2013 artyst\u00f3w, kt\u00f3rzy tworz\u0105 tu i teraz. To istotne tym bardziej, \u017ce produkcja w duchu przemys\u0142owych zasad wymaga dzisiaj ogromnego wysi\u0142ku i determinacji, cho\u0107by dlatego, \u017ce przemys\u0142 szk\u0142a u\u017cytkowego w Polsce upada. Dlatego postanowili\u015bmy zestawi\u0107 wczoraj i dzi\u015b. Wybrali\u015bmy projekty tw\u00f3rc\u00f3w cenionych w PRL-u i artyst\u00f3w wsp\u00f3\u0142czesnych, kt\u00f3rzy w swej pracy tak samo zmagaj\u0105 si\u0119 z materi\u0105. Oto 12 projekt\u00f3w na 12 miesi\u0119cy.<br \/>\n<a href=\"https:\/\/kwiatyimiut.pl\/en\/product\/kalendarz-2023-pzedsprzedaz\/\"><img decoding=\"async\" class=\"aligncenter size-large wp-image-14894\" src=\"https:\/\/kwiatyimiut.pl\/wp-content\/uploads\/2022\/11\/miniaturki_kalendarz-896x1024.jpg\" alt=\"\" width=\"896\" height=\"1024\" srcset=\"https:\/\/kwiatyimiut.pl\/wp-content\/uploads\/2022\/11\/miniaturki_kalendarz-896x1024.jpg 896w, https:\/\/kwiatyimiut.pl\/wp-content\/uploads\/2022\/11\/miniaturki_kalendarz-263x300.jpg 263w, https:\/\/kwiatyimiut.pl\/wp-content\/uploads\/2022\/11\/miniaturki_kalendarz-768x878.jpg 768w, https:\/\/kwiatyimiut.pl\/wp-content\/uploads\/2022\/11\/miniaturki_kalendarz-1344x1536.jpg 1344w, https:\/\/kwiatyimiut.pl\/wp-content\/uploads\/2022\/11\/miniaturki_kalendarz-11x12.jpg 11w, https:\/\/kwiatyimiut.pl\/wp-content\/uploads\/2022\/11\/miniaturki_kalendarz-840x960.jpg 840w, https:\/\/kwiatyimiut.pl\/wp-content\/uploads\/2022\/11\/miniaturki_kalendarz.jpg 1400w\" sizes=\"(max-width: 896px) 100vw, 896px\" \/><\/a><\/span><span lang=\"PL\">Nie\u0142atwo by\u0142o wybra\u0107 zaledwie 12 artyst\u00f3w spo\u015br\u00f3d wielu wspania\u0142ych nazwisk \u2013 tak z przesz\u0142o\u015bci, jak i z tera\u017aniejszo\u015bci. Jest to wyb\u00f3r subiektywny, na pewno mo\u017cna by go dokonywa\u0107 na inne sposoby i wed\u0142ug r\u00f3\u017cnych kluczy. Traktujemy go jedynie jako pretekst do dyskusji. Mamy nadziej\u0119, \u017ce projekt b\u0119dzie mia\u0142 kolejne ods\u0142ony i uda nam si\u0119 poszerzy\u0107 grono prezentowanych tw\u00f3rc\u00f3w.<br \/>\n<a href=\"https:\/\/kwiatyimiut.pl\/en\/product\/kalendarz-2023-pzedsprzedaz\/\"><img decoding=\"async\" class=\"aligncenter size-large wp-image-14927\" src=\"https:\/\/kwiatyimiut.pl\/wp-content\/uploads\/2022\/11\/december-896x1024.jpg\" alt=\"\" width=\"896\" height=\"1024\" srcset=\"https:\/\/kwiatyimiut.pl\/wp-content\/uploads\/2022\/11\/december-896x1024.jpg 896w, https:\/\/kwiatyimiut.pl\/wp-content\/uploads\/2022\/11\/december-263x300.jpg 263w, https:\/\/kwiatyimiut.pl\/wp-content\/uploads\/2022\/11\/december-768x878.jpg 768w, https:\/\/kwiatyimiut.pl\/wp-content\/uploads\/2022\/11\/december-1344x1536.jpg 1344w, https:\/\/kwiatyimiut.pl\/wp-content\/uploads\/2022\/11\/december-11x12.jpg 11w, https:\/\/kwiatyimiut.pl\/wp-content\/uploads\/2022\/11\/december-840x960.jpg 840w, https:\/\/kwiatyimiut.pl\/wp-content\/uploads\/2022\/11\/december.jpg 1400w\" sizes=\"(max-width: 896px) 100vw, 896px\" \/><\/a><\/span><span lang=\"PL\">A co z kwiatami? Nasz projekt to r\u00f3wnie\u017c uk\u0142on w stron\u0119 przyrody, wobec kt\u00f3rej jeste\u015bmy d\u0142u\u017cnikami. Uwa\u017camy kwiaty za najdoskonalsz\u0105 form\u0119 pi\u0119kna, jak\u0105 mo\u017cna sobie wyobrazi\u0107. Towarzysz\u0105 nam przez ca\u0142y rok, u\u015bwiadamiaj\u0105c, \u017ce to natura wyznacza nasze miejsce w \u015bwiecie. Chcieliby\u015bmy, aby ten cykl zdj\u0119\u0107 zach\u0119ci\u0142 wszystkich do otaczania si\u0119 na co dzie\u0144 pi\u0119knymi kwiatami w pi\u0119knych wazonach, kt\u00f3re zosta\u0142y dla nich stworzone. Bo szk\u0142o u\u017cytkowe w\u0142a\u015bnie po to jest \u2013 by go u\u017cywa\u0107, a kwiaty \u2013 by je podziwia\u0107.<\/span><\/p>\n<p style=\"text-align: center;\">Number of pages: 13,<br \/>\nSize 680x480 mm<br \/>\nOffset paper 300g,<\/p>\n<p style=\"text-align: center;\"><span style=\"color: #ff0000;\">Przedsprzeda\u017c kalendarza w cenie 149 z\u0142 trwa do 06.12.2022r.<\/span><br \/>\n<span style=\"color: #ff0000;\">Wysy\u0142ka przed 06.12.2022r.<\/span><br \/>\n<span style=\"color: #ff0000;\">Regular price 169 PLN.<\/span><\/p>\n\n\t\t<\/div>\n\t<\/div>\n<\/div><\/div><\/div><\/div><div class=\"vc_row wpb_row vc_row-fluid\"><div class=\"wpb_column vc_column_container vc_col-sm-12\"><div class=\"vc_column-inner\"><div class=\"wpb_wrapper\"><\/div><\/div><\/div><\/div><div class=\"vc_row wpb_row vc_row-fluid\"><div class=\"wpb_column vc_column_container vc_col-sm-12\"><div class=\"vc_column-inner\"><div class=\"wpb_wrapper\"><div class=\"woocommerce columns-1\"><\/div><\/div><\/div><\/div><\/div><div class=\"vc_row wpb_row vc_row-fluid\"><div class=\"wpb_column vc_column_container vc_col-sm-12\"><div class=\"vc_column-inner\"><div class=\"wpb_wrapper\">\n\t<div class=\"wpb_text_column wpb_content_element\" >\n\t\t<div class=\"wpb_wrapper\">\n\t\t\t<section class=\"related products\"><\/section>\n<div id=\"product-14911\" class=\"layout-v4 clearfix product type-product post-14911 status-publish first instock product_cat-do-domu product_cat-na-prezent product_tag-kalendarz-2023 product_tag-magdalena-gazur has-post-thumbnail shipping-taxable purchasable product-type-simple\">\n<div class=\"woocommerce-product-details__description product-description\">\n<p style=\"text-align: center;\"><strong>Magdalena Gazur<\/strong><br \/>\n<img loading=\"lazy\" decoding=\"async\" class=\"aligncenter size-large wp-image-14914\" src=\"https:\/\/kwiatyimiut.pl\/wp-content\/uploads\/2022\/11\/Magdalena_Gazur_-2-643x1024.jpg\" sizes=\"(max-width: 643px) 100vw, 643px\" srcset=\"https:\/\/kwiatyimiut.pl\/wp-content\/uploads\/2022\/11\/Magdalena_Gazur_-2-643x1024.jpg 643w, https:\/\/kwiatyimiut.pl\/wp-content\/uploads\/2022\/11\/Magdalena_Gazur_-2-188x300.jpg 188w, https:\/\/kwiatyimiut.pl\/wp-content\/uploads\/2022\/11\/Magdalena_Gazur_-2-768x1223.jpg 768w, https:\/\/kwiatyimiut.pl\/wp-content\/uploads\/2022\/11\/Magdalena_Gazur_-2-965x1536.jpg 965w, https:\/\/kwiatyimiut.pl\/wp-content\/uploads\/2022\/11\/Magdalena_Gazur_-2-1286x2048.jpg 1286w, https:\/\/kwiatyimiut.pl\/wp-content\/uploads\/2022\/11\/Magdalena_Gazur_-2-8x12.jpg 8w, https:\/\/kwiatyimiut.pl\/wp-content\/uploads\/2022\/11\/Magdalena_Gazur_-2-840x1337.jpg 840w, https:\/\/kwiatyimiut.pl\/wp-content\/uploads\/2022\/11\/Magdalena_Gazur_-2-scaled.jpg 1608w\" alt=\"\" width=\"643\" height=\"1024\" \/><br \/>\nProjektantka i kuratorka wielu wystaw, kt\u00f3ra zaskakuj\u0105co potrafi po\u0142\u0105czy\u0107 oczywiste<br \/>\nz nieoczywistym oraz nowoczesne wzornictwo z tradycyjnymi rzemios\u0142ami z regionu<br \/>\nDolnego \u015al\u0105ska. Dyplom zrealizowa\u0142a na Wydziale Ceramiki i Szk\u0142a wroc\u0142awskiej Akademii Sztuk<br \/>\nPi\u0119knych im. Eugeniusza Gepperta. Uko\u0144czy\u0142a Studia Podyplomowe \u201eProjektowanie<br \/>\nWzornicze w Zarz\u0105dzaniu Rozwojem Nowego Produktu\u201d realizowane przy<br \/>\nwsp\u00f3\u0142pracy G\u0142\u00f3wnej Szko\u0142y Handlowej i Instytutu Wzornictwa Przemys\u0142owego<br \/>\nw Warszawie. Studiowa\u0142a r\u00f3wnie\u017c komunikacj\u0119 graficzn\u0105 na Uniwersytecie<br \/>\nw Wolverhampton (UK).\u00a0W 2022 r. obroni\u0142a z wyr\u00f3\u017cnieniem prac\u0119 doktorsk\u0105 \u201eWok\u00f3\u0142 sto\u0142u.<br \/>\nWp\u0142yw tradycyjnych technik wytwarzania na wsp\u00f3\u0142czesne formy u\u017cytkowe\u201d na wroc\u0142awskiej ASP.<br \/>\nStypendystka Ministra Kultury i Dziedzictwa Narodowego.<br \/>\nKamionkowe naczynia jej autorstwa by\u0142y cz\u0119\u015bci\u0105 g\u0142o\u015bnego projektu \u201ePolski St\u00f3\u0142\u201d<br \/>\nprezentowanego na wielu wystawach krajowych i zagranicznych. Projekt otrzyma\u0142 nagrod\u0119<br \/>\nMust Have podczas \u0141\u00f3d\u017a Design Festival, podobnie jak kolekcja \u201eLata 60.\u201d z 2020<br \/>\nroku, kolekcja HopOnTop w 2021r. i kolekcja \u201eDywany z Boles\u0142awca\u201d z 2022r.<br \/>\nKolekcja \u201eBlue Line \u2013 Modern\u201d go\u015bci\u0142a na wystawach we W\u0142oszech i Niemczech,<br \/>\nnatomiast kolekcja \u201eRoses\u201d zosta\u0142a wybrana do prezentacji w Alei Trend\u00f3w podczas<br \/>\nTarg\u00f3w Ambiente 2019 we Frankfurcie.<br \/>\nMagda Wielokrotnie wyst\u0119powa\u0142a w roli kuratorki na \u0141\u00f3d\u017a Design Festival \u2013 m.in.<br \/>\nprzy wystawach \u201eON The Table\u201d na \u0141DF2019, \u201eK\u00f3\u0142ko \/ Kropka \/ Kreska\u201d na \u0141DF2018<br \/>\nczy \u201eAkord. Praca, precyzja, produkt\u201d na \u0141DF2017.<br \/>\nW kr\u00f3tkim okresie zajmowa\u0142a stanowisko Komisarza Mi\u0119dzynarodowego Pleneru<br \/>\nCeramiczno-Rze\u017abiarskiego w Boles\u0142awcu.<br \/>\nObecnie pracuje na stanowisku g\u0142\u00f3wnego projektanta w \u201eManufakturze\u201d w Boles\u0142awcu oraz jest wyk\u0142adowc\u0105 w Katedrze Dzia\u0142a\u0144 Interdyscyplinarnych w Ceramice i Szkle na wroc\u0142awskiej ASP.<br \/>\n<a href=\"https:\/\/www.instagram.com\/magdagazur\/\">Instagram: @magdagazur<\/a><\/p>\n<\/div>\n<\/div>\n\n\t\t<\/div>\n\t<\/div>\n<\/div><\/div><\/div><\/div>\n<\/div>","protected":false},"excerpt":{"rendered":"Kwiaty w szkle (Kultura\/Natura)\u00a0to projekt, w kt\u00f3rym razem z Magdalen\u0105 Gazur\u00a0po\u0142\u0105czyli\u015bmy nasze najwi\u0119ksze pasje \u2013 zachwyt i szacunek dla pi\u0119knych kwiat\u00f3w i dla polskiego wzornictwa z lat 60. i 70.&hellip;","protected":false},"author":2,"featured_media":14893,"comment_status":"closed","ping_status":"closed","sticky":false,"template":"","format":"standard","meta":{"footnotes":""},"categories":[118],"tags":[],"class_list":["post-14959","post","type-post","status-publish","format-standard","has-post-thumbnail","hentry","category-miut-casa"],"_links":{"self":[{"href":"https:\/\/kwiatyimiut.pl\/en\/wp-json\/wp\/v2\/posts\/14959","targetHints":{"allow":["GET"]}}],"collection":[{"href":"https:\/\/kwiatyimiut.pl\/en\/wp-json\/wp\/v2\/posts"}],"about":[{"href":"https:\/\/kwiatyimiut.pl\/en\/wp-json\/wp\/v2\/types\/post"}],"author":[{"embeddable":true,"href":"https:\/\/kwiatyimiut.pl\/en\/wp-json\/wp\/v2\/users\/2"}],"replies":[{"embeddable":true,"href":"https:\/\/kwiatyimiut.pl\/en\/wp-json\/wp\/v2\/comments?post=14959"}],"version-history":[{"count":0,"href":"https:\/\/kwiatyimiut.pl\/en\/wp-json\/wp\/v2\/posts\/14959\/revisions"}],"wp:featuredmedia":[{"embeddable":true,"href":"https:\/\/kwiatyimiut.pl\/en\/wp-json\/wp\/v2\/media\/14893"}],"wp:attachment":[{"href":"https:\/\/kwiatyimiut.pl\/en\/wp-json\/wp\/v2\/media?parent=14959"}],"wp:term":[{"taxonomy":"category","embeddable":true,"href":"https:\/\/kwiatyimiut.pl\/en\/wp-json\/wp\/v2\/categories?post=14959"},{"taxonomy":"post_tag","embeddable":true,"href":"https:\/\/kwiatyimiut.pl\/en\/wp-json\/wp\/v2\/tags?post=14959"}],"curies":[{"name":"wp","href":"https:\/\/api.w.org\/{rel}","templated":true}]}}